{"id":915,"date":"2023-06-18T00:55:37","date_gmt":"2023-06-17T22:55:37","guid":{"rendered":"http:\/\/taekwondoteyran.fr\/?p=915"},"modified":"2023-06-18T00:55:37","modified_gmt":"2023-06-17T22:55:37","slug":"apero-de-fin-dannee","status":"publish","type":"post","link":"https:\/\/taekwondoteyran.fr\/index.php\/2023\/06\/18\/apero-de-fin-dannee\/","title":{"rendered":"Ap\u00e9ro de fin d&rsquo;ann\u00e9e"},"content":{"rendered":"\n<p>L&rsquo;ap\u00e9ro de fin d&rsquo;ann\u00e9e aura lieu le <strong>jeudi 22 juin<\/strong>, chacun apporte quelque chose \u00e0 partager avec les autres. Chacun peut indiquer dans le groupe WhatsApp ce qu&rsquo;il va apporter afin d&rsquo;\u00e9viter les r\u00e9p\u00e9titions.<\/p>\n","protected":false},"excerpt":{"rendered":"<p>L&rsquo;ap\u00e9ro de fin d&rsquo;ann\u00e9e aura lieu le jeudi 22 juin, chacun apporte quelque chose \u00e0 partager avec les autres. Chacun peut indiquer dans le groupe WhatsApp ce qu&rsquo;il va apporter afin d&rsquo;\u00e9viter les r\u00e9p\u00e9titions.<\/p>\n","protected":false},"author":1,"featured_media":296,"comment_status":"open","ping_status":"open","sticky":false,"template":"","format":"standard","meta":{"footnotes":""},"categories":[5],"tags":[],"class_list":["post-915","post","type-post","status-publish","format-standard","has-post-thumbnail","hentry","category-vie-du-club"],"yoast_head":"<!-- This site is optimized with the Yoast SEO plugin v27.5 - https:\/\/yoast.com\/product\/yoast-seo-wordpress\/ -->\n<title>Ap\u00e9ro de fin d&#039;ann\u00e9e - Taekwondo Teyran<\/title>\n<meta name=\"robots\" content=\"index, follow, max-snippet:-1, max-image-preview:large, max-video-preview:-1\" \/>\n<link rel=\"canonical\" href=\"https:\/\/taekwondoteyran.fr\/index.php\/2023\/06\/18\/apero-de-fin-dannee\/\" \/>\n<meta property=\"og:locale\" content=\"fr_FR\" \/>\n<meta property=\"og:type\" content=\"article\" \/>\n<meta property=\"og:title\" content=\"Ap\u00e9ro de fin d&#039;ann\u00e9e - Taekwondo Teyran\" \/>\n<meta property=\"og:description\" content=\"L&rsquo;ap\u00e9ro de fin d&rsquo;ann\u00e9e aura lieu le jeudi 22 juin, chacun apporte quelque chose \u00e0 partager avec les autres. Chacun peut indiquer dans le groupe WhatsApp ce qu&rsquo;il va apporter afin d&rsquo;\u00e9viter les r\u00e9p\u00e9titions.\" \/>\n<meta property=\"og:url\" content=\"https:\/\/taekwondoteyran.fr\/index.php\/2023\/06\/18\/apero-de-fin-dannee\/\" \/>\n<meta property=\"og:site_name\" content=\"Taekwondo Teyran\" \/>\n<meta property=\"article:publisher\" content=\"https:\/\/www.facebook.com\/taekwondoteyran\" \/>\n<meta property=\"article:published_time\" content=\"2023-06-17T22:55:37+00:00\" \/>\n<meta property=\"og:image\" content=\"https:\/\/taekwondoteyran.fr\/wp-content\/uploads\/2023\/05\/cropped-logo-TKD.jpg\" \/>\n\t<meta property=\"og:image:width\" content=\"960\" \/>\n\t<meta property=\"og:image:height\" content=\"960\" \/>\n\t<meta property=\"og:image:type\" content=\"image\/jpeg\" \/>\n<meta name=\"author\" content=\"Aur\u00e9lien\" \/>\n<meta name=\"twitter:card\" content=\"summary_large_image\" \/>\n<meta name=\"twitter:creator\" content=\"@taekwondoteyran\" \/>\n<meta name=\"twitter:site\" content=\"@taekwondoteyran\" \/>\n<meta name=\"twitter:label1\" content=\"\u00c9crit par\" \/>\n\t<meta name=\"twitter:data1\" content=\"Aur\u00e9lien\" \/>\n<script type=\"application\/ld+json\" class=\"yoast-schema-graph\">{\"@context\":\"https:\\\/\\\/schema.org\",\"@graph\":[{\"@type\":\"Article\",\"@id\":\"https:\\\/\\\/taekwondoteyran.fr\\\/index.php\\\/2023\\\/06\\\/18\\\/apero-de-fin-dannee\\\/#article\",\"isPartOf\":{\"@id\":\"https:\\\/\\\/taekwondoteyran.fr\\\/index.php\\\/2023\\\/06\\\/18\\\/apero-de-fin-dannee\\\/\"},\"author\":{\"name\":\"Aur\u00e9lien\",\"@id\":\"https:\\\/\\\/taekwondoteyran.fr\\\/#\\\/schema\\\/person\\\/a757fe1eefd7da887b2fe6ab21a0a7c8\"},\"headline\":\"Ap\u00e9ro de fin d&rsquo;ann\u00e9e\",\"datePublished\":\"2023-06-17T22:55:37+00:00\",\"mainEntityOfPage\":{\"@id\":\"https:\\\/\\\/taekwondoteyran.fr\\\/index.php\\\/2023\\\/06\\\/18\\\/apero-de-fin-dannee\\\/\"},\"wordCount\":47,\"commentCount\":0,\"publisher\":{\"@id\":\"https:\\\/\\\/taekwondoteyran.fr\\\/#organization\"},\"image\":{\"@id\":\"https:\\\/\\\/taekwondoteyran.fr\\\/index.php\\\/2023\\\/06\\\/18\\\/apero-de-fin-dannee\\\/#primaryimage\"},\"thumbnailUrl\":\"https:\\\/\\\/taekwondoteyran.fr\\\/wp-content\\\/uploads\\\/2023\\\/05\\\/cropped-logo-TKD.jpg\",\"articleSection\":[\"Vie du club\"],\"inLanguage\":\"fr-FR\",\"potentialAction\":[{\"@type\":\"CommentAction\",\"name\":\"Comment\",\"target\":[\"https:\\\/\\\/taekwondoteyran.fr\\\/index.php\\\/2023\\\/06\\\/18\\\/apero-de-fin-dannee\\\/#respond\"]}]},{\"@type\":\"WebPage\",\"@id\":\"https:\\\/\\\/taekwondoteyran.fr\\\/index.php\\\/2023\\\/06\\\/18\\\/apero-de-fin-dannee\\\/\",\"url\":\"https:\\\/\\\/taekwondoteyran.fr\\\/index.php\\\/2023\\\/06\\\/18\\\/apero-de-fin-dannee\\\/\",\"name\":\"Ap\u00e9ro de fin d'ann\u00e9e - Taekwondo Teyran\",\"isPartOf\":{\"@id\":\"https:\\\/\\\/taekwondoteyran.fr\\\/#website\"},\"primaryImageOfPage\":{\"@id\":\"https:\\\/\\\/taekwondoteyran.fr\\\/index.php\\\/2023\\\/06\\\/18\\\/apero-de-fin-dannee\\\/#primaryimage\"},\"image\":{\"@id\":\"https:\\\/\\\/taekwondoteyran.fr\\\/index.php\\\/2023\\\/06\\\/18\\\/apero-de-fin-dannee\\\/#primaryimage\"},\"thumbnailUrl\":\"https:\\\/\\\/taekwondoteyran.fr\\\/wp-content\\\/uploads\\\/2023\\\/05\\\/cropped-logo-TKD.jpg\",\"datePublished\":\"2023-06-17T22:55:37+00:00\",\"breadcrumb\":{\"@id\":\"https:\\\/\\\/taekwondoteyran.fr\\\/index.php\\\/2023\\\/06\\\/18\\\/apero-de-fin-dannee\\\/#breadcrumb\"},\"inLanguage\":\"fr-FR\",\"potentialAction\":[{\"@type\":\"ReadAction\",\"target\":[\"https:\\\/\\\/taekwondoteyran.fr\\\/index.php\\\/2023\\\/06\\\/18\\\/apero-de-fin-dannee\\\/\"]}]},{\"@type\":\"ImageObject\",\"inLanguage\":\"fr-FR\",\"@id\":\"https:\\\/\\\/taekwondoteyran.fr\\\/index.php\\\/2023\\\/06\\\/18\\\/apero-de-fin-dannee\\\/#primaryimage\",\"url\":\"https:\\\/\\\/taekwondoteyran.fr\\\/wp-content\\\/uploads\\\/2023\\\/05\\\/cropped-logo-TKD.jpg\",\"contentUrl\":\"https:\\\/\\\/taekwondoteyran.fr\\\/wp-content\\\/uploads\\\/2023\\\/05\\\/cropped-logo-TKD.jpg\",\"width\":960,\"height\":960,\"caption\":\"Logo du club\"},{\"@type\":\"BreadcrumbList\",\"@id\":\"https:\\\/\\\/taekwondoteyran.fr\\\/index.php\\\/2023\\\/06\\\/18\\\/apero-de-fin-dannee\\\/#breadcrumb\",\"itemListElement\":[{\"@type\":\"ListItem\",\"position\":1,\"name\":\"Accueil\",\"item\":\"https:\\\/\\\/taekwondoteyran.fr\\\/\"},{\"@type\":\"ListItem\",\"position\":2,\"name\":\"Ap\u00e9ro de fin d&rsquo;ann\u00e9e\"}]},{\"@type\":\"WebSite\",\"@id\":\"https:\\\/\\\/taekwondoteyran.fr\\\/#website\",\"url\":\"https:\\\/\\\/taekwondoteyran.fr\\\/\",\"name\":\"Taekwondo Teyran\",\"description\":\"\u00c9duquer, Partager, Motiver\",\"publisher\":{\"@id\":\"https:\\\/\\\/taekwondoteyran.fr\\\/#organization\"},\"alternateName\":\"TKD Teyran\",\"potentialAction\":[{\"@type\":\"SearchAction\",\"target\":{\"@type\":\"EntryPoint\",\"urlTemplate\":\"https:\\\/\\\/taekwondoteyran.fr\\\/?s={search_term_string}\"},\"query-input\":{\"@type\":\"PropertyValueSpecification\",\"valueRequired\":true,\"valueName\":\"search_term_string\"}}],\"inLanguage\":\"fr-FR\"},{\"@type\":\"Organization\",\"@id\":\"https:\\\/\\\/taekwondoteyran.fr\\\/#organization\",\"name\":\"Taekwondo Teyran\",\"alternateName\":\"TKD Teyran\",\"url\":\"https:\\\/\\\/taekwondoteyran.fr\\\/\",\"logo\":{\"@type\":\"ImageObject\",\"inLanguage\":\"fr-FR\",\"@id\":\"https:\\\/\\\/taekwondoteyran.fr\\\/#\\\/schema\\\/logo\\\/image\\\/\",\"url\":\"https:\\\/\\\/taekwondoteyran.fr\\\/wp-content\\\/uploads\\\/2023\\\/05\\\/logo-TKD.jpg\",\"contentUrl\":\"https:\\\/\\\/taekwondoteyran.fr\\\/wp-content\\\/uploads\\\/2023\\\/05\\\/logo-TKD.jpg\",\"width\":960,\"height\":960,\"caption\":\"Taekwondo Teyran\"},\"image\":{\"@id\":\"https:\\\/\\\/taekwondoteyran.fr\\\/#\\\/schema\\\/logo\\\/image\\\/\"},\"sameAs\":[\"https:\\\/\\\/www.facebook.com\\\/taekwondoteyran\",\"https:\\\/\\\/x.com\\\/taekwondoteyran\"]},{\"@type\":\"Person\",\"@id\":\"https:\\\/\\\/taekwondoteyran.fr\\\/#\\\/schema\\\/person\\\/a757fe1eefd7da887b2fe6ab21a0a7c8\",\"name\":\"Aur\u00e9lien\",\"image\":{\"@type\":\"ImageObject\",\"inLanguage\":\"fr-FR\",\"@id\":\"https:\\\/\\\/secure.gravatar.com\\\/avatar\\\/129253e6092bf2d703c9e223021c2c21cedba1d2b843dd8c7a2ca8115ecbf251?s=96&d=mm&r=g\",\"url\":\"https:\\\/\\\/secure.gravatar.com\\\/avatar\\\/129253e6092bf2d703c9e223021c2c21cedba1d2b843dd8c7a2ca8115ecbf251?s=96&d=mm&r=g\",\"contentUrl\":\"https:\\\/\\\/secure.gravatar.com\\\/avatar\\\/129253e6092bf2d703c9e223021c2c21cedba1d2b843dd8c7a2ca8115ecbf251?s=96&d=mm&r=g\",\"caption\":\"Aur\u00e9lien\"},\"sameAs\":[\"https:\\\/\\\/aurelien.stcherbinine.net\"],\"url\":\"https:\\\/\\\/taekwondoteyran.fr\\\/index.php\\\/author\\\/aurelien\\\/\"}]}<\/script>\n<!-- \/ Yoast SEO plugin. -->","yoast_head_json":{"title":"Ap\u00e9ro de fin d'ann\u00e9e - Taekwondo Teyran","robots":{"index":"index","follow":"follow","max-snippet":"max-snippet:-1","max-image-preview":"max-image-preview:large","max-video-preview":"max-video-preview:-1"},"canonical":"https:\/\/taekwondoteyran.fr\/index.php\/2023\/06\/18\/apero-de-fin-dannee\/","og_locale":"fr_FR","og_type":"article","og_title":"Ap\u00e9ro de fin d'ann\u00e9e - Taekwondo Teyran","og_description":"L&rsquo;ap\u00e9ro de fin d&rsquo;ann\u00e9e aura lieu le jeudi 22 juin, chacun apporte quelque chose \u00e0 partager avec les autres. Chacun peut indiquer dans le groupe WhatsApp ce qu&rsquo;il va apporter afin d&rsquo;\u00e9viter les r\u00e9p\u00e9titions.","og_url":"https:\/\/taekwondoteyran.fr\/index.php\/2023\/06\/18\/apero-de-fin-dannee\/","og_site_name":"Taekwondo Teyran","article_publisher":"https:\/\/www.facebook.com\/taekwondoteyran","article_published_time":"2023-06-17T22:55:37+00:00","og_image":[{"width":960,"height":960,"url":"https:\/\/taekwondoteyran.fr\/wp-content\/uploads\/2023\/05\/cropped-logo-TKD.jpg","type":"image\/jpeg"}],"author":"Aur\u00e9lien","twitter_card":"summary_large_image","twitter_creator":"@taekwondoteyran","twitter_site":"@taekwondoteyran","twitter_misc":{"\u00c9crit par":"Aur\u00e9lien"},"schema":{"@context":"https:\/\/schema.org","@graph":[{"@type":"Article","@id":"https:\/\/taekwondoteyran.fr\/index.php\/2023\/06\/18\/apero-de-fin-dannee\/#article","isPartOf":{"@id":"https:\/\/taekwondoteyran.fr\/index.php\/2023\/06\/18\/apero-de-fin-dannee\/"},"author":{"name":"Aur\u00e9lien","@id":"https:\/\/taekwondoteyran.fr\/#\/schema\/person\/a757fe1eefd7da887b2fe6ab21a0a7c8"},"headline":"Ap\u00e9ro de fin d&rsquo;ann\u00e9e","datePublished":"2023-06-17T22:55:37+00:00","mainEntityOfPage":{"@id":"https:\/\/taekwondoteyran.fr\/index.php\/2023\/06\/18\/apero-de-fin-dannee\/"},"wordCount":47,"commentCount":0,"publisher":{"@id":"https:\/\/taekwondoteyran.fr\/#organization"},"image":{"@id":"https:\/\/taekwondoteyran.fr\/index.php\/2023\/06\/18\/apero-de-fin-dannee\/#primaryimage"},"thumbnailUrl":"https:\/\/taekwondoteyran.fr\/wp-content\/uploads\/2023\/05\/cropped-logo-TKD.jpg","articleSection":["Vie du club"],"inLanguage":"fr-FR","potentialAction":[{"@type":"CommentAction","name":"Comment","target":["https:\/\/taekwondoteyran.fr\/index.php\/2023\/06\/18\/apero-de-fin-dannee\/#respond"]}]},{"@type":"WebPage","@id":"https:\/\/taekwondoteyran.fr\/index.php\/2023\/06\/18\/apero-de-fin-dannee\/","url":"https:\/\/taekwondoteyran.fr\/index.php\/2023\/06\/18\/apero-de-fin-dannee\/","name":"Ap\u00e9ro de fin d'ann\u00e9e - Taekwondo Teyran","isPartOf":{"@id":"https:\/\/taekwondoteyran.fr\/#website"},"primaryImageOfPage":{"@id":"https:\/\/taekwondoteyran.fr\/index.php\/2023\/06\/18\/apero-de-fin-dannee\/#primaryimage"},"image":{"@id":"https:\/\/taekwondoteyran.fr\/index.php\/2023\/06\/18\/apero-de-fin-dannee\/#primaryimage"},"thumbnailUrl":"https:\/\/taekwondoteyran.fr\/wp-content\/uploads\/2023\/05\/cropped-logo-TKD.jpg","datePublished":"2023-06-17T22:55:37+00:00","breadcrumb":{"@id":"https:\/\/taekwondoteyran.fr\/index.php\/2023\/06\/18\/apero-de-fin-dannee\/#breadcrumb"},"inLanguage":"fr-FR","potentialAction":[{"@type":"ReadAction","target":["https:\/\/taekwondoteyran.fr\/index.php\/2023\/06\/18\/apero-de-fin-dannee\/"]}]},{"@type":"ImageObject","inLanguage":"fr-FR","@id":"https:\/\/taekwondoteyran.fr\/index.php\/2023\/06\/18\/apero-de-fin-dannee\/#primaryimage","url":"https:\/\/taekwondoteyran.fr\/wp-content\/uploads\/2023\/05\/cropped-logo-TKD.jpg","contentUrl":"https:\/\/taekwondoteyran.fr\/wp-content\/uploads\/2023\/05\/cropped-logo-TKD.jpg","width":960,"height":960,"caption":"Logo du club"},{"@type":"BreadcrumbList","@id":"https:\/\/taekwondoteyran.fr\/index.php\/2023\/06\/18\/apero-de-fin-dannee\/#breadcrumb","itemListElement":[{"@type":"ListItem","position":1,"name":"Accueil","item":"https:\/\/taekwondoteyran.fr\/"},{"@type":"ListItem","position":2,"name":"Ap\u00e9ro de fin d&rsquo;ann\u00e9e"}]},{"@type":"WebSite","@id":"https:\/\/taekwondoteyran.fr\/#website","url":"https:\/\/taekwondoteyran.fr\/","name":"Taekwondo Teyran","description":"\u00c9duquer, Partager, Motiver","publisher":{"@id":"https:\/\/taekwondoteyran.fr\/#organization"},"alternateName":"TKD Teyran","potentialAction":[{"@type":"SearchAction","target":{"@type":"EntryPoint","urlTemplate":"https:\/\/taekwondoteyran.fr\/?s={search_term_string}"},"query-input":{"@type":"PropertyValueSpecification","valueRequired":true,"valueName":"search_term_string"}}],"inLanguage":"fr-FR"},{"@type":"Organization","@id":"https:\/\/taekwondoteyran.fr\/#organization","name":"Taekwondo Teyran","alternateName":"TKD Teyran","url":"https:\/\/taekwondoteyran.fr\/","logo":{"@type":"ImageObject","inLanguage":"fr-FR","@id":"https:\/\/taekwondoteyran.fr\/#\/schema\/logo\/image\/","url":"https:\/\/taekwondoteyran.fr\/wp-content\/uploads\/2023\/05\/logo-TKD.jpg","contentUrl":"https:\/\/taekwondoteyran.fr\/wp-content\/uploads\/2023\/05\/logo-TKD.jpg","width":960,"height":960,"caption":"Taekwondo Teyran"},"image":{"@id":"https:\/\/taekwondoteyran.fr\/#\/schema\/logo\/image\/"},"sameAs":["https:\/\/www.facebook.com\/taekwondoteyran","https:\/\/x.com\/taekwondoteyran"]},{"@type":"Person","@id":"https:\/\/taekwondoteyran.fr\/#\/schema\/person\/a757fe1eefd7da887b2fe6ab21a0a7c8","name":"Aur\u00e9lien","image":{"@type":"ImageObject","inLanguage":"fr-FR","@id":"https:\/\/secure.gravatar.com\/avatar\/129253e6092bf2d703c9e223021c2c21cedba1d2b843dd8c7a2ca8115ecbf251?s=96&d=mm&r=g","url":"https:\/\/secure.gravatar.com\/avatar\/129253e6092bf2d703c9e223021c2c21cedba1d2b843dd8c7a2ca8115ecbf251?s=96&d=mm&r=g","contentUrl":"https:\/\/secure.gravatar.com\/avatar\/129253e6092bf2d703c9e223021c2c21cedba1d2b843dd8c7a2ca8115ecbf251?s=96&d=mm&r=g","caption":"Aur\u00e9lien"},"sameAs":["https:\/\/aurelien.stcherbinine.net"],"url":"https:\/\/taekwondoteyran.fr\/index.php\/author\/aurelien\/"}]}},"_links":{"self":[{"href":"https:\/\/taekwondoteyran.fr\/index.php\/wp-json\/wp\/v2\/posts\/915","targetHints":{"allow":["GET"]}}],"collection":[{"href":"https:\/\/taekwondoteyran.fr\/index.php\/wp-json\/wp\/v2\/posts"}],"about":[{"href":"https:\/\/taekwondoteyran.fr\/index.php\/wp-json\/wp\/v2\/types\/post"}],"author":[{"embeddable":true,"href":"https:\/\/taekwondoteyran.fr\/index.php\/wp-json\/wp\/v2\/users\/1"}],"replies":[{"embeddable":true,"href":"https:\/\/taekwondoteyran.fr\/index.php\/wp-json\/wp\/v2\/comments?post=915"}],"version-history":[{"count":0,"href":"https:\/\/taekwondoteyran.fr\/index.php\/wp-json\/wp\/v2\/posts\/915\/revisions"}],"wp:featuredmedia":[{"embeddable":true,"href":"https:\/\/taekwondoteyran.fr\/index.php\/wp-json\/wp\/v2\/media\/296"}],"wp:attachment":[{"href":"https:\/\/taekwondoteyran.fr\/index.php\/wp-json\/wp\/v2\/media?parent=915"}],"wp:term":[{"taxonomy":"category","embeddable":true,"href":"https:\/\/taekwondoteyran.fr\/index.php\/wp-json\/wp\/v2\/categories?post=915"},{"taxonomy":"post_tag","embeddable":true,"href":"https:\/\/taekwondoteyran.fr\/index.php\/wp-json\/wp\/v2\/tags?post=915"}],"curies":[{"name":"wp","href":"https:\/\/api.w.org\/{rel}","templated":true}]}}